{"id":438,"date":"2022-05-04T12:42:29","date_gmt":"2022-05-04T10:42:29","guid":{"rendered":"https:\/\/voiliernana.fr\/?p=438"},"modified":"2022-05-04T15:32:13","modified_gmt":"2022-05-04T13:32:13","slug":"avril-2022-balade-a-minorque","status":"publish","type":"post","link":"https:\/\/voiliernana.fr\/index.php\/2022\/05\/04\/avril-2022-balade-a-minorque\/","title":{"rendered":"Avril 2022 Balade \u00e0 Minorque"},"content":{"rendered":"\n<div class=\"wp-block-columns is-layout-flex wp-container-core-columns-is-layout-1 wp-block-columns-is-layout-flex\">\n<div class=\"wp-block-column is-layout-flow wp-block-column-is-layout-flow\" style=\"flex-basis:33.33%\">\n<figure class=\"wp-block-image size-large\"><img loading=\"lazy\" decoding=\"async\" width=\"1024\" height=\"594\" src=\"https:\/\/voiliernana.fr\/wp-content\/uploads\/2022\/05\/trajet-1024x594.jpg\" alt=\"\" class=\"wp-image-440\" srcset=\"https:\/\/voiliernana.fr\/wp-content\/uploads\/2022\/05\/trajet-1024x594.jpg 1024w, https:\/\/voiliernana.fr\/wp-content\/uploads\/2022\/05\/trajet-300x174.jpg 300w, https:\/\/voiliernana.fr\/wp-content\/uploads\/2022\/05\/trajet-768x446.jpg 768w, https:\/\/voiliernana.fr\/wp-content\/uploads\/2022\/05\/trajet-1536x892.jpg 1536w, https:\/\/voiliernana.fr\/wp-content\/uploads\/2022\/05\/trajet.jpg 1559w\" sizes=\"(max-width: 1024px) 100vw, 1024px\" \/><\/figure>\n\n\n\n<p class=\"has-text-align-center\"><a href=\"https:\/\/youtu.be\/AblKF4okGuw\" target=\"_blank\" rel=\"noreferrer noopener\" title=\"https:\/\/youtu.be\/AblKF4okGuw\">Video Youtube<\/a><\/p>\n<\/div>\n\n\n\n<div class=\"wp-block-column is-vertically-aligned-center is-layout-flow wp-block-column-is-layout-flow\" style=\"flex-basis:66.66%\">\n<p class=\"has-text-align-left\">. A Minorque en avril souvent seuls au mouillage, cela change de la cohue d&rsquo;\u00e9t\u00e9&#8230;<\/p>\n\n\n\n<p class=\"has-text-align-left\">Un premier galop d&rsquo;essai sur notre nouveau voilier: un Dehler 42. Il correspond parfaitement \u00e0 notre cahier des charges: A la fois performant sous voiles et confortable pour partir loin et longtemps. On a pu aussi \u00e9prouver sa solidit\u00e9; \u00e0 7 noeuds de nuit sous voile, on a percut\u00e9 un gros tronc d&rsquo;arbre,  juste une \u00e9raflure sur l&rsquo;antifouling.<\/p>\n\n\n\n<p><\/p>\n<\/div>\n<\/div>\n","protected":false},"excerpt":{"rendered":"<p>Video Youtube . A Minorque en avril souvent seuls au mouillage, cela change de la cohue d&rsquo;\u00e9t\u00e9&#8230; Un premier galop d&rsquo;essai sur notre nouveau voilier: un Dehler 42. Il correspond parfaitement \u00e0 notre cahier des charges: A la fois performant sous voiles et confortable pour partir loin et longtemps. On a pu aussi \u00e9prouver sa&hellip; <a class=\"more-link\" href=\"https:\/\/voiliernana.fr\/index.php\/2022\/05\/04\/avril-2022-balade-a-minorque\/\">Poursuivre la lecture <span class=\"screen-reader-text\">Avril 2022 Balade \u00e0 Minorque<\/span><\/a><\/p>\n","protected":false},"author":1,"featured_media":0,"comment_status":"open","ping_status":"open","sticky":false,"template":"","format":"standard","meta":{"_monsterinsights_skip_tracking":false,"_monsterinsights_sitenote_active":false,"_monsterinsights_sitenote_note":"","_monsterinsights_sitenote_category":0,"footnotes":""},"categories":[1],"tags":[],"aioseo_notices":[],"_links":{"self":[{"href":"https:\/\/voiliernana.fr\/index.php\/wp-json\/wp\/v2\/posts\/438"}],"collection":[{"href":"https:\/\/voiliernana.fr\/index.php\/wp-json\/wp\/v2\/posts"}],"about":[{"href":"https:\/\/voiliernana.fr\/index.php\/wp-json\/wp\/v2\/types\/post"}],"author":[{"embeddable":true,"href":"https:\/\/voiliernana.fr\/index.php\/wp-json\/wp\/v2\/users\/1"}],"replies":[{"embeddable":true,"href":"https:\/\/voiliernana.fr\/index.php\/wp-json\/wp\/v2\/comments?post=438"}],"version-history":[{"count":4,"href":"https:\/\/voiliernana.fr\/index.php\/wp-json\/wp\/v2\/posts\/438\/revisions"}],"predecessor-version":[{"id":451,"href":"https:\/\/voiliernana.fr\/index.php\/wp-json\/wp\/v2\/posts\/438\/revisions\/451"}],"wp:attachment":[{"href":"https:\/\/voiliernana.fr\/index.php\/wp-json\/wp\/v2\/media?parent=438"}],"wp:term":[{"taxonomy":"category","embeddable":true,"href":"https:\/\/voiliernana.fr\/index.php\/wp-json\/wp\/v2\/categories?post=438"},{"taxonomy":"post_tag","embeddable":true,"href":"https:\/\/voiliernana.fr\/index.php\/wp-json\/wp\/v2\/tags?post=438"}],"curies":[{"name":"wp","href":"https:\/\/api.w.org\/{rel}","templated":true}]}}