{"id":259,"date":"2016-11-18T12:42:15","date_gmt":"2016-11-18T11:42:15","guid":{"rendered":"https:\/\/voiliernana.fr\/?p=259"},"modified":"2021-11-18T16:28:36","modified_gmt":"2021-11-18T15:28:36","slug":"avril-octobre-2016-italie-sicile-grece","status":"publish","type":"post","link":"https:\/\/voiliernana.fr\/index.php\/2016\/11\/18\/avril-octobre-2016-italie-sicile-grece\/","title":{"rendered":"Avril Octobre 2016 Italie Sicile Gr\u00e8ce"},"content":{"rendered":"\n<div class=\"wp-block-columns is-layout-flex wp-container-core-columns-is-layout-1 wp-block-columns-is-layout-flex\">\n<div class=\"wp-block-column is-layout-flow wp-block-column-is-layout-flow\" style=\"flex-basis:33.33%\">\n<figure class=\"wp-block-image size-full\"><a href=\"https:\/\/www.google.com\/maps\/d\/edit?mid=1pP1M_iuajodPhhjgmaPnH3Sg9ZM&amp;usp=sharing\"><img loading=\"lazy\" decoding=\"async\" width=\"896\" height=\"575\" src=\"https:\/\/voiliernana.fr\/wp-content\/uploads\/2021\/11\/Parcours2016.png\" alt=\"\" class=\"wp-image-260\" srcset=\"https:\/\/voiliernana.fr\/wp-content\/uploads\/2021\/11\/Parcours2016.png 896w, https:\/\/voiliernana.fr\/wp-content\/uploads\/2021\/11\/Parcours2016-300x193.png 300w, https:\/\/voiliernana.fr\/wp-content\/uploads\/2021\/11\/Parcours2016-768x493.png 768w\" sizes=\"(max-width: 896px) 100vw, 896px\" \/><\/a><figcaption><a href=\"https:\/\/www.google.com\/maps\/d\/edit?mid=1pP1M_iuajodPhhjgmaPnH3Sg9ZM&amp;usp=sharing\" target=\"_blank\" rel=\"noreferrer noopener\" title=\"https:\/\/www.google.com\/maps\/d\/edit?mid=1pP1M_iuajodPhhjgmaPnH3Sg9ZM&amp;usp=sharing\">Le Parcours<\/a><\/figcaption><\/figure>\n\n\n\n<p class=\"has-text-align-center\"><a href=\"https:\/\/photos.google.com\/share\/AF1QipOqyR_lJG-Q62vmK4__mTCb2bx0m8thbqQAgWurbrn5J5FB-zXuK6JSwAX4Iv5GyQ?key=TVlSelZ0LU0zZGV5LXVWdktZcjNNTXhvSTY1dVRn\" target=\"_blank\" rel=\"noreferrer noopener\" title=\"https:\/\/photos.google.com\/share\/AF1QipOqyR_lJG-Q62vmK4__mTCb2bx0m8thbqQAgWurbrn5J5FB-zXuK6JSwAX4Iv5GyQ?key=TVlSelZ0LU0zZGV5LXVWdktZcjNNTXhvSTY1dVRn\">Album Photo<\/a><\/p>\n\n\n\n<p class=\"has-text-align-center\"><a href=\"https:\/\/youtu.be\/fEtB-LJ3CtY\" target=\"_blank\" rel=\"noreferrer noopener\" title=\"https:\/\/youtu.be\/fEtB-LJ3CtY\">Vid\u00e9o Youtube<\/a><\/p>\n<\/div>\n\n\n\n<div class=\"wp-block-column is-layout-flow wp-block-column-is-layout-flow\" style=\"flex-basis:66.66%\">\n<p>Cette longue balade aura dur\u00e9 6 mois et 20 jours soit 200 jours.<br>Sur ces 200 jours nous avons navigu\u00e9 135 jours. Nous avons occup\u00e9 les 75 jours restant \u00e0 des balades en scooter ou voiture dans des \u00eeles et r\u00e9gions qui nous plaisaient, visit\u00e9 , et bien entendu &nbsp;fait plein de \u00ab\u00a0farniente\u00a0\u00bb &nbsp;ou tout simplement profit\u00e9 d&rsquo;endroits o\u00f9 il faisait bon vivre comme \u00e0 Steni Vala (Petit port dans l&rsquo;\u00eele d&rsquo;Alonisos) ou ailleurs.<\/p>\n\n\n\n<p>Nous avons parcouru 4921 milles nautiques d\u00e9compos\u00e9s ainsi:<br>A l&rsquo;aller de d\u00e9but Avril \u00e0 mi Mai: 1685 Mn de notre port d&rsquo;attache jusqu&rsquo;\u00e0 Corfou en naviguant un mois dans les \u00eeles \u00e9oliennes et la cote nord de la Sicile.<br>De mi Mai \u00e0 fin septembre en Gr\u00e8ce que 2135 Mn &nbsp;o\u00f9 du mois de Juin jusqu\u2019\u00e0 fin Septembre on a consid\u00e9rablement ralenti notre rythme de navigation.<br>Au retour 1101 Mn de Corfou \u00e0 la Ciotat sur 19 jours en passant par Messine, les \u00eeles \u00c9oliennes, Rome, Elbe, le cap Corse.<\/p>\n\n\n\n<p>La plus courte navigation sur une journ\u00e9e \u00e9tait de 4 milles nautiques (l\u00e0 surement grosse flemme&#8230;) et la plus longue navigation \u00e9tait de 275 milles nautiques sur 39 heures (Retour Giglio &#8211; Elbe &#8211; Cap Corse &#8211; La Ciotat)<\/p>\n\n\n\n<p><strong>Pour un bilan personnel&nbsp;<\/strong><br>C&rsquo;est globalement tr\u00e8s positif et bien entendu une fois que l&rsquo;on a goutt\u00e9 \u00e0 la Gr\u00e8ce en voilier on a plus qu&rsquo;une seule envie y retourner, pourquoi ?<\/p>\n\n\n\n<p>Pour la beaut\u00e9 de la Gr\u00e8ce et pour d\u00e9couvrir encore et encore les magnifiques \u00eeles et \u00eelots parmi les 6000 que compte la Gr\u00e8ce, que l&rsquo;on n&rsquo;a pas encore vus ou juste entraper\u00e7us. Les images que l&rsquo;on a de la Gr\u00e8ce sont souvent celles des cartes postales des Cyclades: &nbsp;paysages arides et petites maisons blanches \u00e0 volets bleus, cela est le cas sur quelques \u00eeles des Cyclades mais la plupart du temps on se trouve plus souvent dans des paysages de lacs avec une v\u00e9g\u00e9tation verte et luxuriante o\u00f9 on ne voit pas le large mais des multitudes d&rsquo;\u00eeles qui nous encerclent.<\/p>\n\n\n\n<p>L&rsquo;hospitalit\u00e9 et la gentillesse des grecs, peuple ouvert et pas toujours tourn\u00e9 vers le profit que peut leur rapporter le tourisme.<\/p>\n\n\n\n<p>Le syst\u00e8me de gestion des \u00ab\u00a0ports \u00e0 la grecque\u00a0\u00bb o\u00f9 l&rsquo;on ne paie quasiment jamais rien, quelquefois une taxe d\u00e9risoire de 5 euros la nuit pour un voilier de 10 m\u00e8tres comme le mien. Avec une multitude de petits ports de p\u00eache avec quelques emplacements pour les voiliers avec des douches gratuites souvent g\u00e9r\u00e9es par les tavernes, cela permet de rester beaucoup plus longtemps en Gr\u00e8ce avec un budget tr\u00e8s limit\u00e9 pour les places de port.<\/p>\n\n\n\n<p>Partir \u00e0 deux en couple et vivre en \u00ab\u00a0vase clos\u00a0\u00bb dans un espace relativement restreint pendant plus de six mois facile ou pas facile ? Quelques petits heurts mais rien de grave quand on s&rsquo;aime et que l&rsquo;on partage les m\u00eames passions. On se retrouve toujours main dans la main entrain de se balader ou de contempler ensemble la mer&#8230;. Mais pour Jo\u00eblle naviguer devenait de plus en plus fastidieux, par contre en ce qui me concerne plus je navigue et plus j&rsquo;aime \u00e7a, un vrai bouffeur de milles! &nbsp;Nous avons souvent rencontr\u00e9 des couples dont le mari ramenait seul ou avec d&rsquo;autres \u00e9quipiers le voilier en France. J\u2019\u00e9tais donc heureux et soulag\u00e9 de trouver deux bons \u00e9quipiers pour la route de retour de Corfou \u00e0 Marseille. &nbsp;Le choix d&rsquo;\u00e9quipiers \u00ab\u00a0voileux\u00a0\u00bb et aimant naviguer s&rsquo;est av\u00e9r\u00e9 \u00eatre un choix judicieux pour la route de retour, entente parfaite et compl\u00e9mentarit\u00e9 d&rsquo;autant plus qu&rsquo;en Octobre on peut subir les caprices de la m\u00e9t\u00e9o avec ses nombreux orages et coups de vent en M\u00e9diterran\u00e9e.<\/p>\n\n\n\n<p>Alors envie de repartir ? un grand oui bien entendu !<\/p>\n<\/div>\n<\/div>\n","protected":false},"excerpt":{"rendered":"<p>Album Photo Vid\u00e9o Youtube Cette longue balade aura dur\u00e9 6 mois et 20 jours soit 200 jours.Sur ces 200 jours nous avons navigu\u00e9 135 jours. Nous avons occup\u00e9 les 75 jours restant \u00e0 des balades en scooter ou voiture dans des \u00eeles et r\u00e9gions qui nous plaisaient, visit\u00e9 , et bien entendu &nbsp;fait plein de&hellip; <a class=\"more-link\" href=\"https:\/\/voiliernana.fr\/index.php\/2016\/11\/18\/avril-octobre-2016-italie-sicile-grece\/\">Poursuivre la lecture <span class=\"screen-reader-text\">Avril Octobre 2016 Italie Sicile Gr\u00e8ce<\/span><\/a><\/p>\n","protected":false},"author":1,"featured_media":0,"comment_status":"open","ping_status":"open","sticky":false,"template":"","format":"standard","meta":{"_monsterinsights_skip_tracking":false,"_monsterinsights_sitenote_active":false,"_monsterinsights_sitenote_note":"","_monsterinsights_sitenote_category":0,"footnotes":""},"categories":[1],"tags":[],"aioseo_notices":[],"_links":{"self":[{"href":"https:\/\/voiliernana.fr\/index.php\/wp-json\/wp\/v2\/posts\/259"}],"collection":[{"href":"https:\/\/voiliernana.fr\/index.php\/wp-json\/wp\/v2\/posts"}],"about":[{"href":"https:\/\/voiliernana.fr\/index.php\/wp-json\/wp\/v2\/types\/post"}],"author":[{"embeddable":true,"href":"https:\/\/voiliernana.fr\/index.php\/wp-json\/wp\/v2\/users\/1"}],"replies":[{"embeddable":true,"href":"https:\/\/voiliernana.fr\/index.php\/wp-json\/wp\/v2\/comments?post=259"}],"version-history":[{"count":3,"href":"https:\/\/voiliernana.fr\/index.php\/wp-json\/wp\/v2\/posts\/259\/revisions"}],"predecessor-version":[{"id":351,"href":"https:\/\/voiliernana.fr\/index.php\/wp-json\/wp\/v2\/posts\/259\/revisions\/351"}],"wp:attachment":[{"href":"https:\/\/voiliernana.fr\/index.php\/wp-json\/wp\/v2\/media?parent=259"}],"wp:term":[{"taxonomy":"category","embeddable":true,"href":"https:\/\/voiliernana.fr\/index.php\/wp-json\/wp\/v2\/categories?post=259"},{"taxonomy":"post_tag","embeddable":true,"href":"https:\/\/voiliernana.fr\/index.php\/wp-json\/wp\/v2\/tags?post=259"}],"curies":[{"name":"wp","href":"https:\/\/api.w.org\/{rel}","templated":true}]}}